{"id":2669,"date":"2026-04-28T08:34:24","date_gmt":"2026-04-28T06:34:24","guid":{"rendered":"http:\/\/wish-aparte.com\/?p=2669"},"modified":"2026-04-28T08:34:51","modified_gmt":"2026-04-28T06:34:51","slug":"les-oreillers","status":"publish","type":"post","link":"http:\/\/wish-aparte.com\/index.php\/2026\/04\/28\/les-oreillers\/","title":{"rendered":"LES OREILLERS"},"content":{"rendered":"\n<p>Liza et Clara ont \u00e9t\u00e9 plac\u00e9es tr\u00e8s jeunes en pensionnat.<\/p>\n\n\n\n<p>Lorsque les deux s\u0153urs, adultes, viennent \u00e0 Paris pour recevoir un myst\u00e9rieux h\u00e9ritage, elles rendent visite \u00e0 leur m\u00e8re, L\u00e9a&nbsp;: 2 jours qui vont r\u00e9server bien des surprises aux trois femmes qui ne sont pas vues depuis plusieurs ann\u00e9es, \u00e0 Gabriel, le jeune voisin passionn\u00e9 par tout ce qui est vieux, et \u00e0 Simone, la veille copine non-conformiste de leur m\u00e8re.<\/p>\n\n\n\n<p>M\u00ealant intrigues familiales et de voisinage, \u00e9motions et humour, cette pi\u00e8ce r\u00e9v\u00e8le la force de la d\u00e9termination et de l\u2019amour pour surmonter les \u00e9preuves de la vie en s\u2019affranchissant de pr\u00e9jug\u00e9s.<\/p>\n\n\n\n<p><em>Clara&nbsp;: \u00ab&nbsp;Qu\u2019elles jettent par-dessus les moulins toutes leurs convenances, qu\u2019elles se moquent du qu\u2019en dira-t-on et des r\u00e8gles \u00e9tablies par une soci\u00e9t\u00e9 conformiste&#8230;&nbsp;\u00bb<\/em><\/p>\n\n\n\n<p><em>Avec&nbsp;:<\/em><\/p>\n\n\n\n<p><em>Dominique HUSSAUD<\/em><em>: <\/em><em><strong>Simone<\/strong><\/em><\/p>\n\n\n\n<p><em>Anthony ROZEC : <\/em><em><strong>Gabriel et voix de Vincent<\/strong><\/em><\/p>\n\n\n\n<p><em>Elodie MARIE-JULIE<\/em><em>: <\/em><em><strong>Clara<\/strong><\/em><\/p>\n\n\n\n<p><em>Maud LAGNEAU : <\/em><em><strong>Liza<\/strong><\/em><\/p>\n\n\n\n<p><em>Monique DUFOUR : <\/em><em><strong>L\u00e9a<\/strong><\/em><\/p>\n\n\n\n<p><em>Didier BLAISE : <\/em><em><strong>mise en sc\u00e8ne<\/strong><\/em><\/p>\n","protected":false},"excerpt":{"rendered":"<p>Liza et Clara ont \u00e9t\u00e9 plac\u00e9es tr\u00e8s jeunes en pensionnat. Lorsque les deux s\u0153urs, adultes, viennent \u00e0 Paris pour recevoir un myst\u00e9rieux h\u00e9ritage, elles rendent visite \u00e0 leur m\u00e8re, L\u00e9a&nbsp;: 2 jours qui vont&#46;&#46;&#46;<\/p>\n","protected":false},"author":3,"featured_media":2670,"comment_status":"closed","ping_status":"closed","sticky":false,"template":"","format":"image","meta":{"footnotes":""},"categories":[5],"tags":[],"class_list":["post-2669","post","type-post","status-publish","format-image","has-post-thumbnail","hentry","category-programmation","post_format-post-format-image"],"aioseo_notices":[],"_links":{"self":[{"href":"http:\/\/wish-aparte.com\/index.php\/wp-json\/wp\/v2\/posts\/2669","targetHints":{"allow":["GET"]}}],"collection":[{"href":"http:\/\/wish-aparte.com\/index.php\/wp-json\/wp\/v2\/posts"}],"about":[{"href":"http:\/\/wish-aparte.com\/index.php\/wp-json\/wp\/v2\/types\/post"}],"author":[{"embeddable":true,"href":"http:\/\/wish-aparte.com\/index.php\/wp-json\/wp\/v2\/users\/3"}],"replies":[{"embeddable":true,"href":"http:\/\/wish-aparte.com\/index.php\/wp-json\/wp\/v2\/comments?post=2669"}],"version-history":[{"count":1,"href":"http:\/\/wish-aparte.com\/index.php\/wp-json\/wp\/v2\/posts\/2669\/revisions"}],"predecessor-version":[{"id":2671,"href":"http:\/\/wish-aparte.com\/index.php\/wp-json\/wp\/v2\/posts\/2669\/revisions\/2671"}],"wp:featuredmedia":[{"embeddable":true,"href":"http:\/\/wish-aparte.com\/index.php\/wp-json\/wp\/v2\/media\/2670"}],"wp:attachment":[{"href":"http:\/\/wish-aparte.com\/index.php\/wp-json\/wp\/v2\/media?parent=2669"}],"wp:term":[{"taxonomy":"category","embeddable":true,"href":"http:\/\/wish-aparte.com\/index.php\/wp-json\/wp\/v2\/categories?post=2669"},{"taxonomy":"post_tag","embeddable":true,"href":"http:\/\/wish-aparte.com\/index.php\/wp-json\/wp\/v2\/tags?post=2669"}],"curies":[{"name":"wp","href":"https:\/\/api.w.org\/{rel}","templated":true}]}}